{"id":309,"date":"2020-09-09T14:01:48","date_gmt":"2020-09-09T12:01:48","guid":{"rendered":"http:\/\/veherproject.com\/?p=309"},"modified":"2020-09-22T18:43:05","modified_gmt":"2020-09-22T16:43:05","slug":"lamentations","status":"publish","type":"post","link":"https:\/\/veherproject.com\/index.php\/2020\/09\/09\/lamentations\/","title":{"rendered":"Lamentations"},"content":{"rendered":"\n<p><em>\u00ab\u00a0Champ de bl\u00e9 matinal sous la brise dor\u00e9e\u00a0\u00bb<\/em><\/p>\n\n\n\n<p>Ce projet fait partie des cr\u00e9ations r\u00e9alis\u00e9es durant ma r\u00e9sidence chez&nbsp;<a rel=\"noreferrer noopener\" href=\"http:\/\/picardieforever.org\/\" target=\"_blank\">Picardie For Ever<\/a>&nbsp;en ao\u00fbt 2020.<\/p>\n\n\n\n<p>Les palettes sont l&rsquo;une des figures marquantes de l&rsquo;industrialisation des transports et de la d\u00e9localisation. J&rsquo;ai ici jou\u00e9 avec le bois destin\u00e9 \u00e0 la fabrication des palettes pour lui faire \u00e9voquer les cons\u00e9quences de la d\u00e9sindustrialisation fran\u00e7aise, \u00e0 commencer par l&rsquo;usine Mingori dans les ann\u00e9es 80. L&rsquo;installation est mise en mouvement par la seule pr\u00e9sence d&rsquo;un courant d&rsquo;air.<\/p>\n\n\n\n<figure class=\"wp-block-embed-facebook wp-block-embed is-type-video is-provider-facebook\"><div class=\"wp-block-embed__wrapper\">\n<div id=\"fb-root\"><\/div><script async=\"1\" defer=\"1\" crossorigin=\"anonymous\" src=\"https:\/\/connect.facebook.net\/fr_FR\/sdk.js#xfbml=1&amp;version=v8.0\" nonce=\"WWdjv4HC\"><\/script><div class=\"fb-video\" data-href=\"https:\/\/www.facebook.com\/veher.project\/videos\/1732958250175907\" data-width=\"840\"><blockquote cite=\"https:\/\/www.facebook.com\/veher.project\/videos\/1732958250175907\/\" class=\"fb-xfbml-parse-ignore\"><a href=\"https:\/\/www.facebook.com\/veher.project\/videos\/1732958250175907\/\">Vernissage le 11 septembre \u00e0 l&#039;Usine PFE<\/a><p>Apr\u00e8s 1 mois de r\u00e9sidence en vue du Festival Picardie For Ever #6, venez d\u00e9couvrir 7 installations cr\u00e9\u00e9es \u00e0 partir de l&#039;histoire de ce lieu magique !Vous d\u00e9couvrirez \u00e9galement les oeuvres d&#039;AEH Charlotte Foucault et tout un programme de concerts, th\u00e9\u00e2tre, performances \u00e0 2 pas de Compi\u00e8gne.<\/p>Publi\u00e9e par <a href=\"https:\/\/www.facebook.com\/veher.project\/\">VeHer ProJect &#8211; Herv\u00e9 Piault<\/a> sur Vendredi 4 septembre 2020<\/blockquote><\/div>\n<\/div><\/figure>\n\n\n\n<p>L\u2019ensemble de ma r\u00e9sidence a \u00e9t\u00e9 consacr\u00e9 \u00e0 la transformation d\u2019objets issus de l\u2019usine, afin d\u2019en faire \u00e9merger une lecture plus humaine, en lien avec les diff\u00e9rentes activit\u00e9s qu\u2019elle a h\u00e9berg\u00e9es.<\/p>\n\n\n\n<p>Voir mon post sur la r\u00e9sidence : <a href=\"https:\/\/veherproject.com\/index.php\/2020\/09\/09\/residence-pfe\/\" data-type=\"post\" data-id=\"302\">R\u00e9sidence PFE<\/a><\/p>\n\n\n\n<figure class=\"wp-block-gallery columns-3 is-cropped wp-block-gallery-1 is-layout-flex wp-block-gallery-is-layout-flex\"><ul class=\"blocks-gallery-grid\"><li class=\"blocks-gallery-item\"><figure><img loading=\"lazy\" decoding=\"async\" width=\"683\" height=\"1024\" src=\"https:\/\/veherproject.com\/wp-content\/uploads\/2020\/09\/IMG_2347-683x1024.jpg\" alt=\"\" data-id=\"271\" data-full-url=\"https:\/\/veherproject.com\/wp-content\/uploads\/2020\/09\/IMG_2347.jpg\" data-link=\"https:\/\/veherproject.com\/index.php\/accueil\/img_2347\/\" class=\"wp-image-271\" srcset=\"https:\/\/veherproject.com\/wp-content\/uploads\/2020\/09\/IMG_2347-683x1024.jpg 683w, https:\/\/veherproject.com\/wp-content\/uploads\/2020\/09\/IMG_2347-200x300.jpg 200w, https:\/\/veherproject.com\/wp-content\/uploads\/2020\/09\/IMG_2347-768x1152.jpg 768w, https:\/\/veherproject.com\/wp-content\/uploads\/2020\/09\/IMG_2347.jpg 1000w\" sizes=\"auto, (max-width: 709px) 85vw, (max-width: 909px) 67vw, (max-width: 984px) 61vw, (max-width: 1362px) 45vw, 600px\" \/><\/figure><\/li><li class=\"blocks-gallery-item\"><figure><img loading=\"lazy\" decoding=\"async\" width=\"1024\" height=\"682\" src=\"https:\/\/veherproject.com\/wp-content\/uploads\/2020\/09\/IMG_2343-1024x682.jpg\" alt=\"\" data-id=\"270\" data-full-url=\"https:\/\/veherproject.com\/wp-content\/uploads\/2020\/09\/IMG_2343.jpg\" data-link=\"https:\/\/veherproject.com\/index.php\/accueil\/img_2343\/\" class=\"wp-image-270\" srcset=\"https:\/\/veherproject.com\/wp-content\/uploads\/2020\/09\/IMG_2343-1024x682.jpg 1024w, https:\/\/veherproject.com\/wp-content\/uploads\/2020\/09\/IMG_2343-300x200.jpg 300w, https:\/\/veherproject.com\/wp-content\/uploads\/2020\/09\/IMG_2343-768x512.jpg 768w, https:\/\/veherproject.com\/wp-content\/uploads\/2020\/09\/IMG_2343-1536x1024.jpg 1536w, https:\/\/veherproject.com\/wp-content\/uploads\/2020\/09\/IMG_2343-1200x800.jpg 1200w, https:\/\/veherproject.com\/wp-content\/uploads\/2020\/09\/IMG_2343.jpg 2000w\" sizes=\"auto, (max-width: 709px) 85vw, (max-width: 909px) 67vw, (max-width: 1362px) 62vw, 840px\" \/><\/figure><\/li><li class=\"blocks-gallery-item\"><figure><img loading=\"lazy\" decoding=\"async\" width=\"683\" height=\"1024\" src=\"https:\/\/veherproject.com\/wp-content\/uploads\/2020\/09\/IMG_2358-683x1024.jpg\" alt=\"\" data-id=\"272\" data-full-url=\"https:\/\/veherproject.com\/wp-content\/uploads\/2020\/09\/IMG_2358.jpg\" data-link=\"https:\/\/veherproject.com\/index.php\/accueil\/img_2358\/\" class=\"wp-image-272\" srcset=\"https:\/\/veherproject.com\/wp-content\/uploads\/2020\/09\/IMG_2358-683x1024.jpg 683w, https:\/\/veherproject.com\/wp-content\/uploads\/2020\/09\/IMG_2358-200x300.jpg 200w, https:\/\/veherproject.com\/wp-content\/uploads\/2020\/09\/IMG_2358-768x1152.jpg 768w, https:\/\/veherproject.com\/wp-content\/uploads\/2020\/09\/IMG_2358.jpg 1000w\" sizes=\"auto, (max-width: 709px) 85vw, (max-width: 909px) 67vw, (max-width: 984px) 61vw, (max-width: 1362px) 45vw, 600px\" \/><\/figure><\/li><\/ul><figcaption class=\"blocks-gallery-caption\">Lamentations (Champ de bl\u00e9 matinal sous la brise dor\u00e9e) &#8211; Carrelets \u00e0 palettes, ventilateur. L400cm x P150cm x H110cm.<\/figcaption><\/figure>\n\n\n\n<hr class=\"wp-block-separator is-style-wide\"\/>\n","protected":false},"excerpt":{"rendered":"<p>\u00ab\u00a0Champ de bl\u00e9 matinal sous la brise dor\u00e9e\u00a0\u00bb Ce projet fait partie des cr\u00e9ations r\u00e9alis\u00e9es durant ma r\u00e9sidence chez&nbsp;Picardie For Ever&nbsp;en ao\u00fbt 2020. Les palettes sont l&rsquo;une des figures marquantes de l&rsquo;industrialisation des transports et de la d\u00e9localisation. J&rsquo;ai ici jou\u00e9 avec le bois destin\u00e9 \u00e0 la fabrication des palettes pour lui faire \u00e9voquer les &hellip; <a href=\"https:\/\/veherproject.com\/index.php\/2020\/09\/09\/lamentations\/\" class=\"more-link\">Continuer la lecture<span class=\"screen-reader-text\"> de &laquo;&nbsp;Lamentations&nbsp;&raquo;<\/span><\/a><\/p>\n","protected":false},"author":1,"featured_media":270,"comment_status":"closed","ping_status":"open","sticky":false,"template":"","format":"image","meta":{"_vp_format_video_url":"","_vp_image_focal_point":[],"footnotes":""},"categories":[7],"tags":[],"class_list":["post-309","post","type-post","status-publish","format-image","has-post-thumbnail","hentry","category-portfolio","post_format-post-format-image"],"_links":{"self":[{"href":"https:\/\/veherproject.com\/index.php\/wp-json\/wp\/v2\/posts\/309","targetHints":{"allow":["GET"]}}],"collection":[{"href":"https:\/\/veherproject.com\/index.php\/wp-json\/wp\/v2\/posts"}],"about":[{"href":"https:\/\/veherproject.com\/index.php\/wp-json\/wp\/v2\/types\/post"}],"author":[{"embeddable":true,"href":"https:\/\/veherproject.com\/index.php\/wp-json\/wp\/v2\/users\/1"}],"replies":[{"embeddable":true,"href":"https:\/\/veherproject.com\/index.php\/wp-json\/wp\/v2\/comments?post=309"}],"version-history":[{"count":3,"href":"https:\/\/veherproject.com\/index.php\/wp-json\/wp\/v2\/posts\/309\/revisions"}],"predecessor-version":[{"id":321,"href":"https:\/\/veherproject.com\/index.php\/wp-json\/wp\/v2\/posts\/309\/revisions\/321"}],"wp:featuredmedia":[{"embeddable":true,"href":"https:\/\/veherproject.com\/index.php\/wp-json\/wp\/v2\/media\/270"}],"wp:attachment":[{"href":"https:\/\/veherproject.com\/index.php\/wp-json\/wp\/v2\/media?parent=309"}],"wp:term":[{"taxonomy":"category","embeddable":true,"href":"https:\/\/veherproject.com\/index.php\/wp-json\/wp\/v2\/categories?post=309"},{"taxonomy":"post_tag","embeddable":true,"href":"https:\/\/veherproject.com\/index.php\/wp-json\/wp\/v2\/tags?post=309"}],"curies":[{"name":"wp","href":"https:\/\/api.w.org\/{rel}","templated":true}]}}