{"id":312,"date":"2020-09-09T14:10:10","date_gmt":"2020-09-09T12:10:10","guid":{"rendered":"http:\/\/veherproject.com\/?p=312"},"modified":"2020-09-22T18:43:05","modified_gmt":"2020-09-22T16:43:05","slug":"intimes-idees","status":"publish","type":"post","link":"https:\/\/veherproject.com\/index.php\/2020\/09\/09\/intimes-idees\/","title":{"rendered":"Intimes Id\u00e9es"},"content":{"rendered":"\n<p>Ce projet fait partie des cr\u00e9ations r\u00e9alis\u00e9es durant ma r\u00e9sidence chez&nbsp;<a rel=\"noreferrer noopener\" href=\"http:\/\/picardieforever.org\/\" target=\"_blank\">Picardie For Ever<\/a>&nbsp;en ao\u00fbt 2020.<\/p>\n\n\n\n<p>Quoi de plus banal qu&rsquo;un vestiaire m\u00e9tallique ? Ils sont pourtant parfois le seul lieu d&rsquo;intimit\u00e9 des salari\u00e9s, regorgeant de souvenirs, d&rsquo;objets stock\u00e9s, de photos coll\u00e9s aux portes, autant de rappels \u00e0 la vie en dehors du travail. J&rsquo;ai cherch\u00e9 \u00e0 exprimer de fa\u00e7on po\u00e9tique cette richesse \u00e9mouvante.<\/p>\n\n\n\n<p>L\u2019ensemble de ma r\u00e9sidence a \u00e9t\u00e9 consacr\u00e9 \u00e0 la transformation d\u2019objets issus de l\u2019usine, afin d\u2019en faire \u00e9merger une lecture plus humaine, en lien avec les diff\u00e9rentes activit\u00e9s qu\u2019elle a h\u00e9berg\u00e9es.<\/p>\n\n\n\n<p>Voir mon post sur la r\u00e9sidence : <a href=\"https:\/\/veherproject.com\/index.php\/2020\/09\/09\/residence-pfe\/\" data-type=\"post\" data-id=\"302\">R\u00e9sidence PFE<\/a><\/p>\n\n\n\n<figure class=\"wp-block-gallery columns-2 is-cropped wp-block-gallery-1 is-layout-flex wp-block-gallery-is-layout-flex\"><ul class=\"blocks-gallery-grid\"><li class=\"blocks-gallery-item\"><figure><img loading=\"lazy\" decoding=\"async\" width=\"1024\" height=\"683\" src=\"https:\/\/veherproject.com\/wp-content\/uploads\/2020\/09\/IMG_2394-1024x683.jpg\" alt=\"\" data-id=\"279\" data-full-url=\"https:\/\/veherproject.com\/wp-content\/uploads\/2020\/09\/IMG_2394.jpg\" data-link=\"https:\/\/veherproject.com\/index.php\/accueil\/img_2394\/\" class=\"wp-image-279\" srcset=\"https:\/\/veherproject.com\/wp-content\/uploads\/2020\/09\/IMG_2394-1024x683.jpg 1024w, https:\/\/veherproject.com\/wp-content\/uploads\/2020\/09\/IMG_2394-300x200.jpg 300w, https:\/\/veherproject.com\/wp-content\/uploads\/2020\/09\/IMG_2394-768x512.jpg 768w, https:\/\/veherproject.com\/wp-content\/uploads\/2020\/09\/IMG_2394-1200x800.jpg 1200w, https:\/\/veherproject.com\/wp-content\/uploads\/2020\/09\/IMG_2394.jpg 1500w\" sizes=\"auto, (max-width: 709px) 85vw, (max-width: 909px) 67vw, (max-width: 1362px) 62vw, 840px\" \/><\/figure><\/li><li class=\"blocks-gallery-item\"><figure><img loading=\"lazy\" decoding=\"async\" width=\"683\" height=\"1024\" src=\"https:\/\/veherproject.com\/wp-content\/uploads\/2020\/09\/IMG_2393-683x1024.jpg\" alt=\"\" data-id=\"278\" data-full-url=\"https:\/\/veherproject.com\/wp-content\/uploads\/2020\/09\/IMG_2393.jpg\" data-link=\"https:\/\/veherproject.com\/index.php\/accueil\/img_2393\/\" class=\"wp-image-278\" srcset=\"https:\/\/veherproject.com\/wp-content\/uploads\/2020\/09\/IMG_2393-683x1024.jpg 683w, https:\/\/veherproject.com\/wp-content\/uploads\/2020\/09\/IMG_2393-200x300.jpg 200w, https:\/\/veherproject.com\/wp-content\/uploads\/2020\/09\/IMG_2393-768x1152.jpg 768w, https:\/\/veherproject.com\/wp-content\/uploads\/2020\/09\/IMG_2393.jpg 1000w\" sizes=\"auto, (max-width: 709px) 85vw, (max-width: 909px) 67vw, (max-width: 984px) 61vw, (max-width: 1362px) 45vw, 600px\" \/><\/figure><\/li><\/ul><figcaption class=\"blocks-gallery-caption\">Intimes Id\u00e9es &#8211; vestiaires m\u00e9talliques, tubes fluorescents. L300cm x P60cm x H200cm.<\/figcaption><\/figure>\n\n\n\n<hr class=\"wp-block-separator is-style-wide\"\/>\n","protected":false},"excerpt":{"rendered":"<p>Ce projet fait partie des cr\u00e9ations r\u00e9alis\u00e9es durant ma r\u00e9sidence chez&nbsp;Picardie For Ever&nbsp;en ao\u00fbt 2020. Quoi de plus banal qu&rsquo;un vestiaire m\u00e9tallique ? Ils sont pourtant parfois le seul lieu d&rsquo;intimit\u00e9 des salari\u00e9s, regorgeant de souvenirs, d&rsquo;objets stock\u00e9s, de photos coll\u00e9s aux portes, autant de rappels \u00e0 la vie en dehors du travail. J&rsquo;ai cherch\u00e9 &hellip; <a href=\"https:\/\/veherproject.com\/index.php\/2020\/09\/09\/intimes-idees\/\" class=\"more-link\">Continuer la lecture<span class=\"screen-reader-text\"> de &laquo;&nbsp;Intimes Id\u00e9es&nbsp;&raquo;<\/span><\/a><\/p>\n","protected":false},"author":1,"featured_media":344,"comment_status":"closed","ping_status":"open","sticky":false,"template":"","format":"image","meta":{"_vp_format_video_url":"","_vp_image_focal_point":[],"footnotes":""},"categories":[7],"tags":[],"class_list":["post-312","post","type-post","status-publish","format-image","has-post-thumbnail","hentry","category-portfolio","post_format-post-format-image"],"_links":{"self":[{"href":"https:\/\/veherproject.com\/index.php\/wp-json\/wp\/v2\/posts\/312","targetHints":{"allow":["GET"]}}],"collection":[{"href":"https:\/\/veherproject.com\/index.php\/wp-json\/wp\/v2\/posts"}],"about":[{"href":"https:\/\/veherproject.com\/index.php\/wp-json\/wp\/v2\/types\/post"}],"author":[{"embeddable":true,"href":"https:\/\/veherproject.com\/index.php\/wp-json\/wp\/v2\/users\/1"}],"replies":[{"embeddable":true,"href":"https:\/\/veherproject.com\/index.php\/wp-json\/wp\/v2\/comments?post=312"}],"version-history":[{"count":3,"href":"https:\/\/veherproject.com\/index.php\/wp-json\/wp\/v2\/posts\/312\/revisions"}],"predecessor-version":[{"id":355,"href":"https:\/\/veherproject.com\/index.php\/wp-json\/wp\/v2\/posts\/312\/revisions\/355"}],"wp:featuredmedia":[{"embeddable":true,"href":"https:\/\/veherproject.com\/index.php\/wp-json\/wp\/v2\/media\/344"}],"wp:attachment":[{"href":"https:\/\/veherproject.com\/index.php\/wp-json\/wp\/v2\/media?parent=312"}],"wp:term":[{"taxonomy":"category","embeddable":true,"href":"https:\/\/veherproject.com\/index.php\/wp-json\/wp\/v2\/categories?post=312"},{"taxonomy":"post_tag","embeddable":true,"href":"https:\/\/veherproject.com\/index.php\/wp-json\/wp\/v2\/tags?post=312"}],"curies":[{"name":"wp","href":"https:\/\/api.w.org\/{rel}","templated":true}]}}