{"id":365,"date":"2020-09-11T19:18:09","date_gmt":"2020-09-11T17:18:09","guid":{"rendered":"http:\/\/veherproject.com\/?p=365"},"modified":"2020-09-22T19:19:17","modified_gmt":"2020-09-22T17:19:17","slug":"festival-picardie-for-ever-du-11-au-20-septembre-2020","status":"publish","type":"post","link":"https:\/\/veherproject.com\/index.php\/2020\/09\/11\/festival-picardie-for-ever-du-11-au-20-septembre-2020\/","title":{"rendered":"Festival Picardie For Ever &#8211; du 11 au 20 septembre 2020"},"content":{"rendered":"\n<p>Exposition, concerts, th\u00e9\u00e2tre, ateliers, un festival culturel et riche en \u00e9v\u00e9nements \u00e0 ne surtout pas manquer !<\/p>\n\n\n\n<p>Organisateur : association <a href=\"http:\/\/picardieforever.org\" data-type=\"URL\" data-id=\"picardieforever.org\">Picardie For Ever<\/a><\/p>\n\n\n\n<p>Pr\u00e9sentation de mon travail de <a href=\"https:\/\/veherproject.com\/index.php\/2020\/09\/09\/residence-pfe\/\" data-type=\"post\" data-id=\"302\">r\u00e9sidence<\/a>.<\/p>\n\n\n\n<hr class=\"wp-block-separator is-style-wide\"\/>\n","protected":false},"excerpt":{"rendered":"<p>Exposition, concerts, th\u00e9\u00e2tre, ateliers, un festival culturel et riche en \u00e9v\u00e9nements \u00e0 ne surtout pas manquer ! Organisateur : association Picardie For Ever Pr\u00e9sentation de mon travail de r\u00e9sidence.<\/p>\n","protected":false},"author":1,"featured_media":366,"comment_status":"closed","ping_status":"open","sticky":false,"template":"","format":"image","meta":{"_vp_format_video_url":"","_vp_image_focal_point":[],"footnotes":""},"categories":[8],"tags":[],"class_list":["post-365","post","type-post","status-publish","format-image","has-post-thumbnail","hentry","category-actu","post_format-post-format-image"],"_links":{"self":[{"href":"https:\/\/veherproject.com\/index.php\/wp-json\/wp\/v2\/posts\/365","targetHints":{"allow":["GET"]}}],"collection":[{"href":"https:\/\/veherproject.com\/index.php\/wp-json\/wp\/v2\/posts"}],"about":[{"href":"https:\/\/veherproject.com\/index.php\/wp-json\/wp\/v2\/types\/post"}],"author":[{"embeddable":true,"href":"https:\/\/veherproject.com\/index.php\/wp-json\/wp\/v2\/users\/1"}],"replies":[{"embeddable":true,"href":"https:\/\/veherproject.com\/index.php\/wp-json\/wp\/v2\/comments?post=365"}],"version-history":[{"count":1,"href":"https:\/\/veherproject.com\/index.php\/wp-json\/wp\/v2\/posts\/365\/revisions"}],"predecessor-version":[{"id":367,"href":"https:\/\/veherproject.com\/index.php\/wp-json\/wp\/v2\/posts\/365\/revisions\/367"}],"wp:featuredmedia":[{"embeddable":true,"href":"https:\/\/veherproject.com\/index.php\/wp-json\/wp\/v2\/media\/366"}],"wp:attachment":[{"href":"https:\/\/veherproject.com\/index.php\/wp-json\/wp\/v2\/media?parent=365"}],"wp:term":[{"taxonomy":"category","embeddable":true,"href":"https:\/\/veherproject.com\/index.php\/wp-json\/wp\/v2\/categories?post=365"},{"taxonomy":"post_tag","embeddable":true,"href":"https:\/\/veherproject.com\/index.php\/wp-json\/wp\/v2\/tags?post=365"}],"curies":[{"name":"wp","href":"https:\/\/api.w.org\/{rel}","templated":true}]}}